{"id":13,"date":"2025-04-16T15:12:38","date_gmt":"2025-04-16T18:12:38","guid":{"rendered":"https:\/\/partidoverdetdf.com.ar\/novedades\/?p=13"},"modified":"2025-04-21T14:11:56","modified_gmt":"2025-04-21T17:11:56","slug":"rechazamos-la-desregulacion-del-turismo-en-parques-nacionales","status":"publish","type":"post","link":"https:\/\/partidoverdetdf.com.ar\/novedades\/index.php\/2025\/04\/16\/rechazamos-la-desregulacion-del-turismo-en-parques-nacionales\/","title":{"rendered":"Rechazamos la desregulaci\u00f3n del Turismo en Parques Nacionales"},"content":{"rendered":"\n<p>Recibimos en la Legislatura a Gu\u00edas de Turismo provinciales, integrantes de Asociaci\u00f3n de Profesionales de Turismo de Tierra del Fuego AIAS, junto a quienes impulsamos el proyecto de declaraci\u00f3n en rechazo y repudio a las Resoluciones N\u00b0 61\/2025 y 62\/2025 de la Administraci\u00f3n de Parques Nacionales y el acompa\u00f1amiento a los Gu\u00edas de Turismo de la Provincia.<\/p>\n\n\n\n<p>La declaraci\u00f3n fue aprobada por unanimidad en la primera sesi\u00f3n de la Legislatura Provincial.<\/p>\n\n\n\n<p>La decisi\u00f3n de desregular la actividad tur\u00edstica en los Parques Nacionales afecta gravemente las fuentes de trabajo de los m\u00e1s de 250 Gu\u00edas de Turismo en Tierra del Fuego AIAS.<\/p>\n\n\n\n<p>Adem\u00e1s, pone en peligro la conservaci\u00f3n de la biodiversidad y de las \u00e1reas protegidas.<\/p>\n","protected":false},"excerpt":{"rendered":"Recibimos en la Legislatura a Gu\u00edas de Turismo provinciales, integrantes de Asociaci\u00f3n de Profesionales de Turismo de Tierra del Fuego AIAS, junto a quienes impulsamos el proyecto de declaraci\u00f3n en rechazo y repudio a las Resoluciones N\u00b0 61\/2025 y 62\/2025 de la Administraci\u00f3n de Parques Nacionales y el acompa\u00f1amiento a los Gu\u00edas de Turismo de [&hellip;]","protected":false},"author":1,"featured_media":21,"comment_status":"open","ping_status":"open","sticky":false,"template":"","format":"standard","meta":{"footnotes":""},"categories":[1],"tags":[],"class_list":["post-13","post","type-post","status-publish","format-standard","has-post-thumbnail","hentry","category-legislatura"],"_links":{"self":[{"href":"https:\/\/partidoverdetdf.com.ar\/novedades\/index.php\/wp-json\/wp\/v2\/posts\/13","targetHints":{"allow":["GET"]}}],"collection":[{"href":"https:\/\/partidoverdetdf.com.ar\/novedades\/index.php\/wp-json\/wp\/v2\/posts"}],"about":[{"href":"https:\/\/partidoverdetdf.com.ar\/novedades\/index.php\/wp-json\/wp\/v2\/types\/post"}],"author":[{"embeddable":true,"href":"https:\/\/partidoverdetdf.com.ar\/novedades\/index.php\/wp-json\/wp\/v2\/users\/1"}],"replies":[{"embeddable":true,"href":"https:\/\/partidoverdetdf.com.ar\/novedades\/index.php\/wp-json\/wp\/v2\/comments?post=13"}],"version-history":[{"count":1,"href":"https:\/\/partidoverdetdf.com.ar\/novedades\/index.php\/wp-json\/wp\/v2\/posts\/13\/revisions"}],"predecessor-version":[{"id":14,"href":"https:\/\/partidoverdetdf.com.ar\/novedades\/index.php\/wp-json\/wp\/v2\/posts\/13\/revisions\/14"}],"wp:featuredmedia":[{"embeddable":true,"href":"https:\/\/partidoverdetdf.com.ar\/novedades\/index.php\/wp-json\/wp\/v2\/media\/21"}],"wp:attachment":[{"href":"https:\/\/partidoverdetdf.com.ar\/novedades\/index.php\/wp-json\/wp\/v2\/media?parent=13"}],"wp:term":[{"taxonomy":"category","embeddable":true,"href":"https:\/\/partidoverdetdf.com.ar\/novedades\/index.php\/wp-json\/wp\/v2\/categories?post=13"},{"taxonomy":"post_tag","embeddable":true,"href":"https:\/\/partidoverdetdf.com.ar\/novedades\/index.php\/wp-json\/wp\/v2\/tags?post=13"}],"curies":[{"name":"wp","href":"https:\/\/api.w.org\/{rel}","templated":true}]}}