{"id":15,"date":"2025-04-17T10:51:24","date_gmt":"2025-04-17T13:51:24","guid":{"rendered":"https:\/\/partidoverdetdf.com.ar\/novedades\/?p=15"},"modified":"2025-04-21T14:12:17","modified_gmt":"2025-04-21T17:12:17","slug":"la-legisladora-colazo-participo-del-9-encuentro-de-legislaturas-conectadas","status":"publish","type":"post","link":"https:\/\/partidoverdetdf.com.ar\/novedades\/index.php\/2025\/04\/17\/la-legisladora-colazo-participo-del-9-encuentro-de-legislaturas-conectadas\/","title":{"rendered":"La legisladora Colazo particip\u00f3 del 9\u00b0 encuentro de Legislaturas Conectadas"},"content":{"rendered":"\n<p>En representaci\u00f3n de la Legislatura de Tierra del Fuego AIAS y como Vicepresidenta de la Comisi\u00f3n Federal de Cambio Clim\u00e1tico, la legisladora Mar\u00eda Laura Colazo particip\u00f3 del 9\u00b0 Encuentro de Comisiones Federales de Legislaturas Conectadas que se realiz\u00f3 en Posadas, Misiones.<\/p>\n\n\n\n<p>En la reuni\u00f3n de la Comisi\u00f3n Federal de Cambio Clim\u00e1tico que se realiz\u00f3 en Posadas, Misiones, en el marco del 9\u00b0 Encuentro de Comisiones Federales de Legislaturas Conectadas, se abord\u00f3 y se trabaj\u00f3 sobre la tem\u00e1tica Educaci\u00f3n Ambiental.<\/p>\n\n\n\n<p>Las distintas delegaciones provinciales expusieron y compartieron las normativas referidas a esta tem\u00e1tica que impulsan los gobiernos locales.<\/p>\n\n\n\n<p>En el caso de Tierra del Fuego, la legisladora Colazo remarc\u00f3 las leyes: Ley Provincial N.\u00ba 1510 (2023), de adhesi\u00f3n a la Ley Nacional N.\u00ba27.621 de Educaci\u00f3n Ambiental Integral; y la Ley Provincial N.\u00ba 1356 (2021), mediante la cual se implementa la Ley Yolanda de capacitaci\u00f3n ambiental en el \u00e1mbito provincial.<\/p>\n\n\n\n<p>\u201cConocer los proyectos, iniciativas y pol\u00edticas p\u00fablicas ambientales nos permite ampliar la mirada, nutrirnos de experiencias y potenciar la Acci\u00f3n Clim\u00e1tica en la Argentina federal\u201d, mencion\u00f3 la Legisladora.<\/p>\n","protected":false},"excerpt":{"rendered":"En representaci\u00f3n de la Legislatura de Tierra del Fuego AIAS y como Vicepresidenta de la Comisi\u00f3n Federal de Cambio Clim\u00e1tico, la legisladora Mar\u00eda Laura Colazo particip\u00f3 del 9\u00b0 Encuentro de Comisiones Federales de Legislaturas Conectadas que se realiz\u00f3 en Posadas, Misiones. En la reuni\u00f3n de la Comisi\u00f3n Federal de Cambio Clim\u00e1tico que se realiz\u00f3 en [&hellip;]","protected":false},"author":1,"featured_media":22,"comment_status":"open","ping_status":"open","sticky":false,"template":"","format":"standard","meta":{"footnotes":""},"categories":[4],"tags":[],"class_list":["post-15","post","type-post","status-publish","format-standard","has-post-thumbnail","hentry","category-agenda-federal"],"_links":{"self":[{"href":"https:\/\/partidoverdetdf.com.ar\/novedades\/index.php\/wp-json\/wp\/v2\/posts\/15","targetHints":{"allow":["GET"]}}],"collection":[{"href":"https:\/\/partidoverdetdf.com.ar\/novedades\/index.php\/wp-json\/wp\/v2\/posts"}],"about":[{"href":"https:\/\/partidoverdetdf.com.ar\/novedades\/index.php\/wp-json\/wp\/v2\/types\/post"}],"author":[{"embeddable":true,"href":"https:\/\/partidoverdetdf.com.ar\/novedades\/index.php\/wp-json\/wp\/v2\/users\/1"}],"replies":[{"embeddable":true,"href":"https:\/\/partidoverdetdf.com.ar\/novedades\/index.php\/wp-json\/wp\/v2\/comments?post=15"}],"version-history":[{"count":2,"href":"https:\/\/partidoverdetdf.com.ar\/novedades\/index.php\/wp-json\/wp\/v2\/posts\/15\/revisions"}],"predecessor-version":[{"id":27,"href":"https:\/\/partidoverdetdf.com.ar\/novedades\/index.php\/wp-json\/wp\/v2\/posts\/15\/revisions\/27"}],"wp:featuredmedia":[{"embeddable":true,"href":"https:\/\/partidoverdetdf.com.ar\/novedades\/index.php\/wp-json\/wp\/v2\/media\/22"}],"wp:attachment":[{"href":"https:\/\/partidoverdetdf.com.ar\/novedades\/index.php\/wp-json\/wp\/v2\/media?parent=15"}],"wp:term":[{"taxonomy":"category","embeddable":true,"href":"https:\/\/partidoverdetdf.com.ar\/novedades\/index.php\/wp-json\/wp\/v2\/categories?post=15"},{"taxonomy":"post_tag","embeddable":true,"href":"https:\/\/partidoverdetdf.com.ar\/novedades\/index.php\/wp-json\/wp\/v2\/tags?post=15"}],"curies":[{"name":"wp","href":"https:\/\/api.w.org\/{rel}","templated":true}]}}