{"id":17,"date":"2025-04-17T10:54:28","date_gmt":"2025-04-17T13:54:28","guid":{"rendered":"https:\/\/partidoverdetdf.com.ar\/novedades\/?p=17"},"modified":"2025-04-21T14:12:33","modified_gmt":"2025-04-21T17:12:33","slug":"primera-reunion-del-consejo-provincial-de-medio-ambiente-2025","status":"publish","type":"post","link":"https:\/\/partidoverdetdf.com.ar\/novedades\/index.php\/2025\/04\/17\/primera-reunion-del-consejo-provincial-de-medio-ambiente-2025\/","title":{"rendered":"Primera reuni\u00f3n del Consejo Provincial de Medio Ambiente 2025"},"content":{"rendered":"\n<p>La legisladora Mar\u00eda Laura Colazo particip\u00f3, como representante de la Legislatura, del primer encuentro del a\u00f1o del Consejo Provincial de Medio Ambiente.<\/p>\n\n\n\n<p>En la primera reuni\u00f3n del Consejo Provincial de Medio Ambiente, la legisladora Mar\u00eda Laura Colazo reiter\u00f3 la necesidad de cumplir con la reglamentaci\u00f3n de la Ley Provincial N\u00ba 1470 de Cambio Clim\u00e1tico, sancionada en 2022.<\/p>\n\n\n\n<p>En el primer encuentro se trataron temas vinculados a la Agenda Ambiental provincial actual y de trabajo para los pr\u00f3ximos meses.<\/p>\n\n\n\n<p>Adem\u00e1s, como presidenta de la Comisi\u00f3n N\u00ba3 de Recursos Naturales, Colazo plante\u00f3 la agenda legislativa a tratar y mencion\u00f3 los asuntos impulsados por el Partido Verde que mantienen estado parlamentario y ser\u00e1n abordados en las pr\u00f3ximas semanas:<\/p>\n\n\n\n<p>1. Planificaci\u00f3n Espacial Marina (PEM);<br>2. Riesgo Ambiental en Actividad Hidrocarbur\u00edfera;<br>3. Evaluaci\u00f3n Ambiental Estrat\u00e9gica (EAE).<\/p>\n\n\n\n<p>Participaron del encuentro ONGs ambientalistas, la UNTDF, el CADIC y autoridades del Gobierno provincial y la Municipalidad de Ushuaia y Tolhuin.<\/p>\n\n\n\n<p><\/p>\n","protected":false},"excerpt":{"rendered":"La legisladora Mar\u00eda Laura Colazo particip\u00f3, como representante de la Legislatura, del primer encuentro del a\u00f1o del Consejo Provincial de Medio Ambiente. En la primera reuni\u00f3n del Consejo Provincial de Medio Ambiente, la legisladora Mar\u00eda Laura Colazo reiter\u00f3 la necesidad de cumplir con la reglamentaci\u00f3n de la Ley Provincial N\u00ba 1470 de Cambio Clim\u00e1tico, sancionada [&hellip;]","protected":false},"author":1,"featured_media":23,"comment_status":"open","ping_status":"open","sticky":false,"template":"","format":"standard","meta":{"footnotes":""},"categories":[3],"tags":[],"class_list":["post-17","post","type-post","status-publish","format-standard","has-post-thumbnail","hentry","category-agenda-ambiental"],"_links":{"self":[{"href":"https:\/\/partidoverdetdf.com.ar\/novedades\/index.php\/wp-json\/wp\/v2\/posts\/17","targetHints":{"allow":["GET"]}}],"collection":[{"href":"https:\/\/partidoverdetdf.com.ar\/novedades\/index.php\/wp-json\/wp\/v2\/posts"}],"about":[{"href":"https:\/\/partidoverdetdf.com.ar\/novedades\/index.php\/wp-json\/wp\/v2\/types\/post"}],"author":[{"embeddable":true,"href":"https:\/\/partidoverdetdf.com.ar\/novedades\/index.php\/wp-json\/wp\/v2\/users\/1"}],"replies":[{"embeddable":true,"href":"https:\/\/partidoverdetdf.com.ar\/novedades\/index.php\/wp-json\/wp\/v2\/comments?post=17"}],"version-history":[{"count":1,"href":"https:\/\/partidoverdetdf.com.ar\/novedades\/index.php\/wp-json\/wp\/v2\/posts\/17\/revisions"}],"predecessor-version":[{"id":18,"href":"https:\/\/partidoverdetdf.com.ar\/novedades\/index.php\/wp-json\/wp\/v2\/posts\/17\/revisions\/18"}],"wp:featuredmedia":[{"embeddable":true,"href":"https:\/\/partidoverdetdf.com.ar\/novedades\/index.php\/wp-json\/wp\/v2\/media\/23"}],"wp:attachment":[{"href":"https:\/\/partidoverdetdf.com.ar\/novedades\/index.php\/wp-json\/wp\/v2\/media?parent=17"}],"wp:term":[{"taxonomy":"category","embeddable":true,"href":"https:\/\/partidoverdetdf.com.ar\/novedades\/index.php\/wp-json\/wp\/v2\/categories?post=17"},{"taxonomy":"post_tag","embeddable":true,"href":"https:\/\/partidoverdetdf.com.ar\/novedades\/index.php\/wp-json\/wp\/v2\/tags?post=17"}],"curies":[{"name":"wp","href":"https:\/\/api.w.org\/{rel}","templated":true}]}}