{"id":9,"date":"2025-04-16T15:11:18","date_gmt":"2025-04-16T18:11:18","guid":{"rendered":"https:\/\/partidoverdetdf.com.ar\/novedades\/?p=9"},"modified":"2025-04-21T14:10:00","modified_gmt":"2025-04-21T17:10:00","slug":"presentamos-el-proyecto-de-ley-que-crea-el-fondo-permanente-para-la-osef","status":"publish","type":"post","link":"https:\/\/partidoverdetdf.com.ar\/novedades\/index.php\/2025\/04\/16\/presentamos-el-proyecto-de-ley-que-crea-el-fondo-permanente-para-la-osef\/","title":{"rendered":"Presentamos el Proyecto de Ley que Crea el Fondo Permanente para la OSEF"},"content":{"rendered":"\n<p>Con el objetivo de garantizar la sostenibilidad y mitigar la crisis financiera de la Obra Social del Estado Fueguino, la legisladora provincial del bloque del Partido Verde, Mar\u00eda Laura Colazo, present\u00f3 el Proyecto de Ley que Crea el Fondo Permanente de Fortalecimiento para la OSEF.<\/p>\n\n\n\n<p>El Asunto N\u00ba 052\/2025 tomar\u00e1 estado parlamentario en la sesi\u00f3n de la Legislatura del pr\u00f3ximo 28 de marzo.<\/p>\n\n\n\n<p>La iniciativa busca asegurar el financiamiento permanente de la OSEF a trav\u00e9s de los aportes de los funcionarios p\u00fablicos, sin afectar los ingresos de los trabajadores ni incrementar sus contribuciones. De esta manera, se pretende aportar a la soluci\u00f3n concreta a la crisis del sistema de salud estatal en Tierra del Fuego.<\/p>\n\n\n\n<p><strong>Reasignaci\u00f3n de Aportes para el Fortalecimiento de la OSEF<\/strong><\/p>\n\n\n\n<p>La iniciativa propone que el 5% de los aportes temporales que actualmente realizan los funcionarios p\u00fablicos a la Caja Previsional se reasignen de manera permanente a la OSEF.<\/p>\n\n\n\n<p>De esta forma, los empleados p\u00fablicos continuar\u00e1n con un aporte del 3% a la obra social, mientras que los funcionarios aumentar\u00e1n su contribuci\u00f3n al 8%.<\/p>\n\n\n\n<p>Este esquema permitir\u00e1 sostener el sistema de salud estatal sin afectar la estabilidad previsional, generando una fuente de financiamiento permanente para la OSEF<\/p>\n\n\n\n<p><strong>Administraci\u00f3n y Destino de los Fondos<\/strong><\/p>\n\n\n\n<p>El Fondo Permanente de Fortalecimiento ser\u00e1 administrado por la OSEF, bajo la supervisi\u00f3n del Tribunal de Cuentas de la Provincia.<\/p>\n\n\n\n<p>Los recursos recaudados tendr\u00e1n como destino exclusivo la cobertura de prestaciones m\u00e9dicas, incluyendo tratamientos, medicamentos, insumos m\u00e9dicos, traslados sanitarios, entre otros servicios y asistencias.<\/p>\n\n\n\n<p>Es importante destacar que estos fondos no podr\u00e1n ser utilizados para cubrir gastos corrientes de la administraci\u00f3n de OSEF, como sueldos o vi\u00e1ticos.<\/p>\n\n\n\n<p><\/p>\n","protected":false},"excerpt":{"rendered":"Con el objetivo de garantizar la sostenibilidad y mitigar la crisis financiera de la Obra Social del Estado Fueguino, la legisladora provincial del bloque del Partido Verde, Mar\u00eda Laura Colazo, present\u00f3 el Proyecto de Ley que Crea el Fondo Permanente de Fortalecimiento para la OSEF. El Asunto N\u00ba 052\/2025 tomar\u00e1 estado parlamentario en la sesi\u00f3n [&hellip;]","protected":false},"author":1,"featured_media":19,"comment_status":"open","ping_status":"open","sticky":false,"template":"","format":"standard","meta":{"footnotes":""},"categories":[1],"tags":[],"class_list":["post-9","post","type-post","status-publish","format-standard","has-post-thumbnail","hentry","category-legislatura"],"_links":{"self":[{"href":"https:\/\/partidoverdetdf.com.ar\/novedades\/index.php\/wp-json\/wp\/v2\/posts\/9","targetHints":{"allow":["GET"]}}],"collection":[{"href":"https:\/\/partidoverdetdf.com.ar\/novedades\/index.php\/wp-json\/wp\/v2\/posts"}],"about":[{"href":"https:\/\/partidoverdetdf.com.ar\/novedades\/index.php\/wp-json\/wp\/v2\/types\/post"}],"author":[{"embeddable":true,"href":"https:\/\/partidoverdetdf.com.ar\/novedades\/index.php\/wp-json\/wp\/v2\/users\/1"}],"replies":[{"embeddable":true,"href":"https:\/\/partidoverdetdf.com.ar\/novedades\/index.php\/wp-json\/wp\/v2\/comments?post=9"}],"version-history":[{"count":2,"href":"https:\/\/partidoverdetdf.com.ar\/novedades\/index.php\/wp-json\/wp\/v2\/posts\/9\/revisions"}],"predecessor-version":[{"id":24,"href":"https:\/\/partidoverdetdf.com.ar\/novedades\/index.php\/wp-json\/wp\/v2\/posts\/9\/revisions\/24"}],"wp:featuredmedia":[{"embeddable":true,"href":"https:\/\/partidoverdetdf.com.ar\/novedades\/index.php\/wp-json\/wp\/v2\/media\/19"}],"wp:attachment":[{"href":"https:\/\/partidoverdetdf.com.ar\/novedades\/index.php\/wp-json\/wp\/v2\/media?parent=9"}],"wp:term":[{"taxonomy":"category","embeddable":true,"href":"https:\/\/partidoverdetdf.com.ar\/novedades\/index.php\/wp-json\/wp\/v2\/categories?post=9"},{"taxonomy":"post_tag","embeddable":true,"href":"https:\/\/partidoverdetdf.com.ar\/novedades\/index.php\/wp-json\/wp\/v2\/tags?post=9"}],"curies":[{"name":"wp","href":"https:\/\/api.w.org\/{rel}","templated":true}]}}